{"id":2559,"date":"2026-08-26T13:53:25","date_gmt":"2026-08-26T19:53:25","guid":{"rendered":"https:\/\/demos.imagixel.com\/ensy\/?p=2559"},"modified":"2026-08-26T13:53:25","modified_gmt":"2026-08-26T19:53:25","slug":"noticias-95","status":"publish","type":"post","link":"https:\/\/demos.imagixel.com\/ensy\/2026\/08\/26\/noticias-95\/","title":{"rendered":"NOTICIAS"},"content":{"rendered":"\n<p class=\"wp-block-paragraph\">El d\u00eda de hoy se imparti\u00f3 la capacitaci\u00f3n, \u00abProtocolo DACA para Cutting y riesgo de suicidio\u00bb, al personal docente y administrativo de la Escuela Normal Superior de Yucat\u00e1n \u00abProfesor Antonio Betancourt P\u00e9rez\u00bb, promovida por el Psic. Fernando Maga\u00f1a Maga\u00f1a, para reforzar los conocimientos en reconocimiento, valoraci\u00f3n y atenci\u00f3n oportuna, en la identificaci\u00f3n de alg\u00fan caso dentro de la comunidad escolar o trabajadora de la misma Escuela, a todos los asistentes se les otorg\u00f3 una pulsera amarilla que los distingue como Agentes de Vida y contiene el 800 108  8000, como l\u00ednea de vida.<\/p>\n\n\n\n<p class=\"wp-block-paragraph\">La capacitaci\u00f3n estuvo a cargo de la Psic. Pamela Noem\u00ed Morales Pacheco, Responsable del Programa de Suicidio de los Servicios de Salud de Yucat\u00e1n; al t\u00e9rmino del evento, se le entreg\u00f3 el Reconocimiento por su valiosa aportaci\u00f3n a la comunidad educativa de la ENSY.<\/p>\n\n\n\n<p class=\"wp-block-paragraph\">La coordinaci\u00f3n del evento estuvo a cargo del Subdirector Acad\u00e9mico Mtro. Manuel Negrete Quijano y la Coordinadora Acad\u00e9mica de Formaci\u00f3n Inicial, Dra. Alina Mu\u00f1oz Castellanos. <\/p>\n\n\n\n<figure class=\"wp-block-image size-large\"><img fetchpriority=\"high\" decoding=\"async\" width=\"576\" height=\"1024\" src=\"https:\/\/demos.imagixel.com\/ensy\/wp-content\/uploads\/2026\/08\/WhatsApp-Image-2026-08-26-at-1.29.27-PM-1-576x1024.jpeg\" alt=\"\" class=\"wp-image-2568\" srcset=\"https:\/\/demos.imagixel.com\/ensy\/wp-content\/uploads\/2026\/08\/WhatsApp-Image-2026-08-26-at-1.29.27-PM-1-576x1024.jpeg 576w, https:\/\/demos.imagixel.com\/ensy\/wp-content\/uploads\/2026\/08\/WhatsApp-Image-2026-08-26-at-1.29.27-PM-1-169x300.jpeg 169w, https:\/\/demos.imagixel.com\/ensy\/wp-content\/uploads\/2026\/08\/WhatsApp-Image-2026-08-26-at-1.29.27-PM-1-767x1365.jpeg 767w, https:\/\/demos.imagixel.com\/ensy\/wp-content\/uploads\/2026\/08\/WhatsApp-Image-2026-08-26-at-1.29.27-PM-1-864x1536.jpeg 864w, https:\/\/demos.imagixel.com\/ensy\/wp-content\/uploads\/2026\/08\/WhatsApp-Image-2026-08-26-at-1.29.27-PM-1-600x1067.jpeg 600w, https:\/\/demos.imagixel.com\/ensy\/wp-content\/uploads\/2026\/08\/WhatsApp-Image-2026-08-26-at-1.29.27-PM-1.jpeg 899w\" sizes=\"(max-width: 576px) 100vw, 576px\" \/><\/figure>\n\n\n\n<figure class=\"wp-block-image size-large\"><img decoding=\"async\" width=\"1024\" height=\"768\" src=\"https:\/\/demos.imagixel.com\/ensy\/wp-content\/uploads\/2026\/08\/WhatsApp-Image-2026-08-26-at-1.29.28-PM-6-1024x768.jpeg\" alt=\"\" class=\"wp-image-2569\" srcset=\"https:\/\/demos.imagixel.com\/ensy\/wp-content\/uploads\/2026\/08\/WhatsApp-Image-2026-08-26-at-1.29.28-PM-6-1024x768.jpeg 1024w, https:\/\/demos.imagixel.com\/ensy\/wp-content\/uploads\/2026\/08\/WhatsApp-Image-2026-08-26-at-1.29.28-PM-6-768x576.jpeg 768w, https:\/\/demos.imagixel.com\/ensy\/wp-content\/uploads\/2026\/08\/WhatsApp-Image-2026-08-26-at-1.29.28-PM-6-300x225.jpeg 300w, https:\/\/demos.imagixel.com\/ensy\/wp-content\/uploads\/2026\/08\/WhatsApp-Image-2026-08-26-at-1.29.28-PM-6-600x450.jpeg 600w, https:\/\/demos.imagixel.com\/ensy\/wp-content\/uploads\/2026\/08\/WhatsApp-Image-2026-08-26-at-1.29.28-PM-6-1536x1152.jpeg 1536w, https:\/\/demos.imagixel.com\/ensy\/wp-content\/uploads\/2026\/08\/WhatsApp-Image-2026-08-26-at-1.29.28-PM-6.jpeg 1600w\" sizes=\"(max-width: 1024px) 100vw, 1024px\" \/><\/figure>\n\n\n\n<figure class=\"wp-block-image size-large\"><img decoding=\"async\" width=\"1024\" height=\"768\" src=\"https:\/\/demos.imagixel.com\/ensy\/wp-content\/uploads\/2026\/08\/WhatsApp-Image-2026-08-26-at-1.29.28-PM-4-1-1024x768.jpeg\" alt=\"\" class=\"wp-image-2570\" srcset=\"https:\/\/demos.imagixel.com\/ensy\/wp-content\/uploads\/2026\/08\/WhatsApp-Image-2026-08-26-at-1.29.28-PM-4-1-1024x768.jpeg 1024w, https:\/\/demos.imagixel.com\/ensy\/wp-content\/uploads\/2026\/08\/WhatsApp-Image-2026-08-26-at-1.29.28-PM-4-1-300x225.jpeg 300w, https:\/\/demos.imagixel.com\/ensy\/wp-content\/uploads\/2026\/08\/WhatsApp-Image-2026-08-26-at-1.29.28-PM-4-1-768x576.jpeg 768w, https:\/\/demos.imagixel.com\/ensy\/wp-content\/uploads\/2026\/08\/WhatsApp-Image-2026-08-26-at-1.29.28-PM-4-1-600x450.jpeg 600w, https:\/\/demos.imagixel.com\/ensy\/wp-content\/uploads\/2026\/08\/WhatsApp-Image-2026-08-26-at-1.29.28-PM-4-1-1536x1152.jpeg 1536w, https:\/\/demos.imagixel.com\/ensy\/wp-content\/uploads\/2026\/08\/WhatsApp-Image-2026-08-26-at-1.29.28-PM-4-1.jpeg 1600w\" sizes=\"(max-width: 1024px) 100vw, 1024px\" \/><\/figure>\n\n\n\n<figure class=\"wp-block-image size-large\"><img loading=\"lazy\" decoding=\"async\" width=\"768\" height=\"1024\" src=\"https:\/\/demos.imagixel.com\/ensy\/wp-content\/uploads\/2026\/08\/WhatsApp-Image-2026-08-26-at-1.29.27-PM-2-768x1024-1.jpeg\" alt=\"\" class=\"wp-image-2571\" srcset=\"https:\/\/demos.imagixel.com\/ensy\/wp-content\/uploads\/2026\/08\/WhatsApp-Image-2026-08-26-at-1.29.27-PM-2-768x1024-1.jpeg 768w, https:\/\/demos.imagixel.com\/ensy\/wp-content\/uploads\/2026\/08\/WhatsApp-Image-2026-08-26-at-1.29.27-PM-2-225x300.jpeg 225w, https:\/\/demos.imagixel.com\/ensy\/wp-content\/uploads\/2026\/08\/WhatsApp-Image-2026-08-26-at-1.29.27-PM-2-600x800.jpeg 600w, https:\/\/demos.imagixel.com\/ensy\/wp-content\/uploads\/2026\/08\/WhatsApp-Image-2026-08-26-at-1.29.27-PM-2-1152x1536.jpeg 1152w, https:\/\/demos.imagixel.com\/ensy\/wp-content\/uploads\/2026\/08\/WhatsApp-Image-2026-08-26-at-1.29.27-PM-2.jpeg 1200w\" sizes=\"(max-width: 768px) 100vw, 768px\" \/><\/figure>\n","protected":false},"excerpt":{"rendered":"<p>El d\u00eda de hoy se imparti\u00f3 la capacitaci\u00f3n, \u00abProtocolo DACA para Cutting y riesgo de suicidio\u00bb, al personal docente y administrativo de la Escuela Normal Superior de Yucat\u00e1n \u00abProfesor Antonio [&hellip;]<\/p>\n","protected":false},"author":2,"featured_media":2561,"comment_status":"open","ping_status":"open","sticky":false,"template":"","format":"standard","meta":{"footnotes":""},"categories":[1,30],"tags":[],"class_list":["post-2559","post","type-post","status-publish","format-standard","has-post-thumbnail","hentry","category-general","category-noticias"],"_links":{"self":[{"href":"https:\/\/demos.imagixel.com\/ensy\/wp-json\/wp\/v2\/posts\/2559","targetHints":{"allow":["GET"]}}],"collection":[{"href":"https:\/\/demos.imagixel.com\/ensy\/wp-json\/wp\/v2\/posts"}],"about":[{"href":"https:\/\/demos.imagixel.com\/ensy\/wp-json\/wp\/v2\/types\/post"}],"author":[{"embeddable":true,"href":"https:\/\/demos.imagixel.com\/ensy\/wp-json\/wp\/v2\/users\/2"}],"replies":[{"embeddable":true,"href":"https:\/\/demos.imagixel.com\/ensy\/wp-json\/wp\/v2\/comments?post=2559"}],"version-history":[{"count":1,"href":"https:\/\/demos.imagixel.com\/ensy\/wp-json\/wp\/v2\/posts\/2559\/revisions"}],"predecessor-version":[{"id":2572,"href":"https:\/\/demos.imagixel.com\/ensy\/wp-json\/wp\/v2\/posts\/2559\/revisions\/2572"}],"wp:featuredmedia":[{"embeddable":true,"href":"https:\/\/demos.imagixel.com\/ensy\/wp-json\/wp\/v2\/media\/2561"}],"wp:attachment":[{"href":"https:\/\/demos.imagixel.com\/ensy\/wp-json\/wp\/v2\/media?parent=2559"}],"wp:term":[{"taxonomy":"category","embeddable":true,"href":"https:\/\/demos.imagixel.com\/ensy\/wp-json\/wp\/v2\/categories?post=2559"},{"taxonomy":"post_tag","embeddable":true,"href":"https:\/\/demos.imagixel.com\/ensy\/wp-json\/wp\/v2\/tags?post=2559"}],"curies":[{"name":"wp","href":"https:\/\/api.w.org\/{rel}","templated":true}]}}