{"id":2587,"date":"2026-08-27T11:44:48","date_gmt":"2026-08-27T17:44:48","guid":{"rendered":"https:\/\/demos.imagixel.com\/ensy\/?p=2587"},"modified":"2026-08-27T11:49:27","modified_gmt":"2026-08-27T17:49:27","slug":"noticias-96","status":"publish","type":"post","link":"https:\/\/demos.imagixel.com\/ensy\/2026\/08\/27\/noticias-96\/","title":{"rendered":"NOTICIAS"},"content":{"rendered":"\n<p class=\"wp-block-paragraph\">La Escuela Normal Superior de Yucat\u00e1n \u00abProfesor Antonio Betancourt P\u00e9rez\u00bb, les da la m\u00e1s cordial bienvenida al nuevo ciclo escolar 2026-2027 a todos nuestros alumnos, docentes, administrativos, coordinadores, subdirectores y direcci\u00f3n escolar.<\/p>\n\n\n\n<p class=\"wp-block-paragraph\">Estamos seguros de que este nuevo ciclo lograremos cada una de las metas programadas.<\/p>\n\n\n\n<p class=\"wp-block-paragraph\">Cada Coordinaci\u00f3n estar\u00e1 al pendiente para la aclaraci\u00f3n de cualquier duda que pueda surgir en el regreso a las aulas.<\/p>\n\n\n\n<p class=\"wp-block-paragraph\">Los dem\u00e1s colaboradores estaremos para atenderles en lo que requer\u00edan, no olviden que la escuela a veces es una extensi\u00f3n de casa, trabajamos para que as\u00ed se sienta, siempre es un gusto estar al pendiente de todos ustedes.<\/p>\n\n\n\n<p class=\"wp-block-paragraph\">Aprendiendo hoy para ense\u00f1ar ma\u00f1ana. ENSY<\/p>\n\n\n\n<figure class=\"wp-block-image size-large\"><img fetchpriority=\"high\" decoding=\"async\" width=\"768\" height=\"1024\" src=\"https:\/\/demos.imagixel.com\/ensy\/wp-content\/uploads\/2026\/08\/Ciclo-escolar-2026-2027-2-768x1024-1.jpeg\" alt=\"\" class=\"wp-image-2592\" srcset=\"https:\/\/demos.imagixel.com\/ensy\/wp-content\/uploads\/2026\/08\/Ciclo-escolar-2026-2027-2-768x1024-1.jpeg 768w, https:\/\/demos.imagixel.com\/ensy\/wp-content\/uploads\/2026\/08\/Ciclo-escolar-2026-2027-2-225x300.jpeg 225w, https:\/\/demos.imagixel.com\/ensy\/wp-content\/uploads\/2026\/08\/Ciclo-escolar-2026-2027-2-1152x1536.jpeg 1152w, https:\/\/demos.imagixel.com\/ensy\/wp-content\/uploads\/2026\/08\/Ciclo-escolar-2026-2027-2-600x800.jpeg 600w, https:\/\/demos.imagixel.com\/ensy\/wp-content\/uploads\/2026\/08\/Ciclo-escolar-2026-2027-2.jpeg 1200w\" sizes=\"(max-width: 768px) 100vw, 768px\" \/><\/figure>\n","protected":false},"excerpt":{"rendered":"<p>La Escuela Normal Superior de Yucat\u00e1n \u00abProfesor Antonio Betancourt P\u00e9rez\u00bb, les da la m\u00e1s cordial bienvenida al nuevo ciclo escolar 2026-2027 a todos nuestros alumnos, docentes, administrativos, coordinadores, subdirectores y [&hellip;]<\/p>\n","protected":false},"author":2,"featured_media":2476,"comment_status":"open","ping_status":"open","sticky":false,"template":"","format":"standard","meta":{"footnotes":""},"categories":[1,30],"tags":[],"class_list":["post-2587","post","type-post","status-publish","format-standard","has-post-thumbnail","hentry","category-general","category-noticias"],"_links":{"self":[{"href":"https:\/\/demos.imagixel.com\/ensy\/wp-json\/wp\/v2\/posts\/2587","targetHints":{"allow":["GET"]}}],"collection":[{"href":"https:\/\/demos.imagixel.com\/ensy\/wp-json\/wp\/v2\/posts"}],"about":[{"href":"https:\/\/demos.imagixel.com\/ensy\/wp-json\/wp\/v2\/types\/post"}],"author":[{"embeddable":true,"href":"https:\/\/demos.imagixel.com\/ensy\/wp-json\/wp\/v2\/users\/2"}],"replies":[{"embeddable":true,"href":"https:\/\/demos.imagixel.com\/ensy\/wp-json\/wp\/v2\/comments?post=2587"}],"version-history":[{"count":3,"href":"https:\/\/demos.imagixel.com\/ensy\/wp-json\/wp\/v2\/posts\/2587\/revisions"}],"predecessor-version":[{"id":2593,"href":"https:\/\/demos.imagixel.com\/ensy\/wp-json\/wp\/v2\/posts\/2587\/revisions\/2593"}],"wp:featuredmedia":[{"embeddable":true,"href":"https:\/\/demos.imagixel.com\/ensy\/wp-json\/wp\/v2\/media\/2476"}],"wp:attachment":[{"href":"https:\/\/demos.imagixel.com\/ensy\/wp-json\/wp\/v2\/media?parent=2587"}],"wp:term":[{"taxonomy":"category","embeddable":true,"href":"https:\/\/demos.imagixel.com\/ensy\/wp-json\/wp\/v2\/categories?post=2587"},{"taxonomy":"post_tag","embeddable":true,"href":"https:\/\/demos.imagixel.com\/ensy\/wp-json\/wp\/v2\/tags?post=2587"}],"curies":[{"name":"wp","href":"https:\/\/api.w.org\/{rel}","templated":true}]}}