{"id":2594,"date":"2026-08-27T14:22:03","date_gmt":"2026-08-27T20:22:03","guid":{"rendered":"https:\/\/demos.imagixel.com\/ensy\/?p=2594"},"modified":"2026-08-27T17:55:14","modified_gmt":"2026-08-27T23:55:14","slug":"noticias-97","status":"publish","type":"post","link":"https:\/\/demos.imagixel.com\/ensy\/2026\/08\/27\/noticias-97\/","title":{"rendered":"NOTICIAS"},"content":{"rendered":"\n<p class=\"wp-block-paragraph\">El d\u00eda de hoy se llev\u00f3 a cabo la reuni\u00f3n general por el inicio del semestre agosto 2026-enero 2027.<\/p>\n\n\n\n<p class=\"wp-block-paragraph\">En esta reuni\u00f3n, a la que asisti\u00f3 el personal acad\u00e9mico y administrativo de nuestra Instituci\u00f3n, se brind\u00f3 informaci\u00f3n relevante sobre diferentes temas y aspectos referidos al desarrollo integral de la Escuela Normal Superior de Yucat\u00e1n \u201cProfesor Antonio Betancourt P\u00e9rez.\u201d<\/p>\n\n\n\n<p class=\"wp-block-paragraph\">Los objetivos principales de nuestro quehacer institucional se orientan a ofrecer una formaci\u00f3n de calidad para los nuevos docentes que requiere el sistema educativo estatal, en los marcos que se\u00f1alan los preceptos y principios que postula la Nueva Escuela Mexicana.<\/p>\n\n\n\n<p class=\"wp-block-paragraph\">Los Subdirectores Administrativo y Acad\u00e9mico, Dr. Gregorio Osorio Rosado y Manuel Negrete Quijano, tuvieron a bien conducir de manera proactiva el desarrollo de la reuni\u00f3n, ya que el director Dr. Freddy Espadas Sosa se encontraba en otra reuni\u00f3n de trabajo con Directores y Directoras de las Escuelas Normales del Estado, misma que fue presidida por el Subsecretario de Educaci\u00f3n Superior, Mtro. \u00c9verth Dzib Peraza.<\/p>\n\n\n\n<p class=\"wp-block-paragraph\">Se le dio una cordial bienvenida a todo el personal y se le exhort\u00f3 a realizar su mejor esfuerzo para que nuestros alumnos y alumnas obtengan las mejores experiencias pedag\u00f3gicas en su proceso formativo como nuevos profesionales de la educaci\u00f3n al servicio de la sociedad yucateca.<\/p>\n\n\n\n<p class=\"wp-block-paragraph\">ENSY: Aprendiendo hoy para ense\u00f1ar ma\u00f1ana.<\/p>\n\n\n\n<figure class=\"wp-block-image size-large\"><img fetchpriority=\"high\" decoding=\"async\" width=\"1024\" height=\"768\" src=\"https:\/\/demos.imagixel.com\/ensy\/wp-content\/uploads\/2026\/08\/WhatsApp-Image-2026-08-27-at-2.04.18-PM-1024x768.jpeg\" alt=\"\" class=\"wp-image-2597\" srcset=\"https:\/\/demos.imagixel.com\/ensy\/wp-content\/uploads\/2026\/08\/WhatsApp-Image-2026-08-27-at-2.04.18-PM-1024x768.jpeg 1024w, https:\/\/demos.imagixel.com\/ensy\/wp-content\/uploads\/2026\/08\/WhatsApp-Image-2026-08-27-at-2.04.18-PM-300x225.jpeg 300w, https:\/\/demos.imagixel.com\/ensy\/wp-content\/uploads\/2026\/08\/WhatsApp-Image-2026-08-27-at-2.04.18-PM-768x576.jpeg 768w, https:\/\/demos.imagixel.com\/ensy\/wp-content\/uploads\/2026\/08\/WhatsApp-Image-2026-08-27-at-2.04.18-PM-1536x1152.jpeg 1536w, https:\/\/demos.imagixel.com\/ensy\/wp-content\/uploads\/2026\/08\/WhatsApp-Image-2026-08-27-at-2.04.18-PM-600x450.jpeg 600w, https:\/\/demos.imagixel.com\/ensy\/wp-content\/uploads\/2026\/08\/WhatsApp-Image-2026-08-27-at-2.04.18-PM.jpeg 1600w\" sizes=\"(max-width: 1024px) 100vw, 1024px\" \/><\/figure>\n\n\n\n<figure class=\"wp-block-image size-large\"><img decoding=\"async\" width=\"1024\" height=\"768\" src=\"https:\/\/demos.imagixel.com\/ensy\/wp-content\/uploads\/2026\/08\/WhatsApp-Image-2026-08-27-at-2.04.19-PM-1024x768.jpeg\" alt=\"\" class=\"wp-image-2601\" srcset=\"https:\/\/demos.imagixel.com\/ensy\/wp-content\/uploads\/2026\/08\/WhatsApp-Image-2026-08-27-at-2.04.19-PM-1024x768.jpeg 1024w, https:\/\/demos.imagixel.com\/ensy\/wp-content\/uploads\/2026\/08\/WhatsApp-Image-2026-08-27-at-2.04.19-PM-300x225.jpeg 300w, https:\/\/demos.imagixel.com\/ensy\/wp-content\/uploads\/2026\/08\/WhatsApp-Image-2026-08-27-at-2.04.19-PM-768x576.jpeg 768w, https:\/\/demos.imagixel.com\/ensy\/wp-content\/uploads\/2026\/08\/WhatsApp-Image-2026-08-27-at-2.04.19-PM-1536x1152.jpeg 1536w, https:\/\/demos.imagixel.com\/ensy\/wp-content\/uploads\/2026\/08\/WhatsApp-Image-2026-08-27-at-2.04.19-PM-600x450.jpeg 600w, https:\/\/demos.imagixel.com\/ensy\/wp-content\/uploads\/2026\/08\/WhatsApp-Image-2026-08-27-at-2.04.19-PM.jpeg 1600w\" sizes=\"(max-width: 1024px) 100vw, 1024px\" \/><\/figure>\n\n\n\n<figure class=\"wp-block-image size-large\"><img decoding=\"async\" width=\"1024\" height=\"768\" src=\"https:\/\/demos.imagixel.com\/ensy\/wp-content\/uploads\/2026\/08\/WhatsApp-Image-2026-08-27-at-2.04.19-PM-3-1024x768.jpeg\" alt=\"\" class=\"wp-image-2600\" srcset=\"https:\/\/demos.imagixel.com\/ensy\/wp-content\/uploads\/2026\/08\/WhatsApp-Image-2026-08-27-at-2.04.19-PM-3-1024x768.jpeg 1024w, https:\/\/demos.imagixel.com\/ensy\/wp-content\/uploads\/2026\/08\/WhatsApp-Image-2026-08-27-at-2.04.19-PM-3-300x225.jpeg 300w, https:\/\/demos.imagixel.com\/ensy\/wp-content\/uploads\/2026\/08\/WhatsApp-Image-2026-08-27-at-2.04.19-PM-3-768x576.jpeg 768w, https:\/\/demos.imagixel.com\/ensy\/wp-content\/uploads\/2026\/08\/WhatsApp-Image-2026-08-27-at-2.04.19-PM-3-1536x1152.jpeg 1536w, https:\/\/demos.imagixel.com\/ensy\/wp-content\/uploads\/2026\/08\/WhatsApp-Image-2026-08-27-at-2.04.19-PM-3-600x450.jpeg 600w, https:\/\/demos.imagixel.com\/ensy\/wp-content\/uploads\/2026\/08\/WhatsApp-Image-2026-08-27-at-2.04.19-PM-3.jpeg 1600w\" sizes=\"(max-width: 1024px) 100vw, 1024px\" \/><\/figure>\n\n\n\n<p class=\"wp-block-paragraph\"><\/p>\n","protected":false},"excerpt":{"rendered":"<p>El d\u00eda de hoy se llev\u00f3 a cabo la reuni\u00f3n general por el inicio del semestre agosto 2026-enero 2027. En esta reuni\u00f3n, a la que asisti\u00f3 el personal acad\u00e9mico y [&hellip;]<\/p>\n","protected":false},"author":2,"featured_media":2476,"comment_status":"open","ping_status":"open","sticky":false,"template":"","format":"standard","meta":{"footnotes":""},"categories":[1,30],"tags":[],"class_list":["post-2594","post","type-post","status-publish","format-standard","has-post-thumbnail","hentry","category-general","category-noticias"],"_links":{"self":[{"href":"https:\/\/demos.imagixel.com\/ensy\/wp-json\/wp\/v2\/posts\/2594","targetHints":{"allow":["GET"]}}],"collection":[{"href":"https:\/\/demos.imagixel.com\/ensy\/wp-json\/wp\/v2\/posts"}],"about":[{"href":"https:\/\/demos.imagixel.com\/ensy\/wp-json\/wp\/v2\/types\/post"}],"author":[{"embeddable":true,"href":"https:\/\/demos.imagixel.com\/ensy\/wp-json\/wp\/v2\/users\/2"}],"replies":[{"embeddable":true,"href":"https:\/\/demos.imagixel.com\/ensy\/wp-json\/wp\/v2\/comments?post=2594"}],"version-history":[{"count":2,"href":"https:\/\/demos.imagixel.com\/ensy\/wp-json\/wp\/v2\/posts\/2594\/revisions"}],"predecessor-version":[{"id":2604,"href":"https:\/\/demos.imagixel.com\/ensy\/wp-json\/wp\/v2\/posts\/2594\/revisions\/2604"}],"wp:featuredmedia":[{"embeddable":true,"href":"https:\/\/demos.imagixel.com\/ensy\/wp-json\/wp\/v2\/media\/2476"}],"wp:attachment":[{"href":"https:\/\/demos.imagixel.com\/ensy\/wp-json\/wp\/v2\/media?parent=2594"}],"wp:term":[{"taxonomy":"category","embeddable":true,"href":"https:\/\/demos.imagixel.com\/ensy\/wp-json\/wp\/v2\/categories?post=2594"},{"taxonomy":"post_tag","embeddable":true,"href":"https:\/\/demos.imagixel.com\/ensy\/wp-json\/wp\/v2\/tags?post=2594"}],"curies":[{"name":"wp","href":"https:\/\/api.w.org\/{rel}","templated":true}]}}