{"id":2605,"date":"2026-08-28T17:42:36","date_gmt":"2026-08-28T23:42:36","guid":{"rendered":"https:\/\/demos.imagixel.com\/ensy\/?p=2605"},"modified":"2026-09-01T10:29:46","modified_gmt":"2026-09-01T16:29:46","slug":"noticias-98","status":"publish","type":"post","link":"https:\/\/demos.imagixel.com\/ensy\/2026\/08\/28\/noticias-98\/","title":{"rendered":"NOTICIAS"},"content":{"rendered":"\n<p class=\"wp-block-paragraph\">El d\u00eda de ayer se llev\u00f3 a cabo la primera reuni\u00f3n de forma virtual con el Consejo Estudiantil de la Escuela Normal Superior de Yucat\u00e1n \u00abProfesor Antonio Betancourt P\u00e9rez\u00bb y la subdirecci\u00f3n acad\u00e9mica, presidida por el Mtro. Manuel Negrete Quijano.<\/p>\n\n\n\n<p class=\"wp-block-paragraph\">Con el objetivo de dar la bienvenida y tomar acuerdos para notificar oportunamente a los estudiantes en este nuevo ciclo escolar 2026-2027.<\/p>\n\n\n\n<p class=\"wp-block-paragraph\">Participaron los consejeros de las ocho licenciaturas de la ENSY.<\/p>\n\n\n\n<p class=\"wp-block-paragraph\">Los consejeros participantes son: \u00c1ngel Josu\u00e9 Ercila Sabido (consejero de Espa\u00f1ol), Kevin Anthony Kuk Dzul (consejero de Qu\u00edmica), Oscar Eduardo Xool Moguel (Consejero de Matem\u00e1ticas), Farid de Jes\u00fas Kumul Cauich (consejero de Educaci\u00f3n F\u00edsica), Maryjose Cuesy Borgues (consejera de Ingl\u00e9s), Isis Cristina Castillo Yeh (consejera de Educaci\u00f3n Art\u00edstica), Valeria Esquivel Rodriguez (consejera de Geograf\u00eda), Tais Shirel Ortega M\u00e9ndez (consejera de Inclusi\u00f3n Educativa).<\/p>\n\n\n\n<p class=\"wp-block-paragraph\">Aprendiendo hoy para ense\u00f1ar ma\u00f1ana. ENSY<\/p>\n\n\n\n<figure class=\"wp-block-image size-large\"><img fetchpriority=\"high\" decoding=\"async\" width=\"1024\" height=\"507\" src=\"https:\/\/demos.imagixel.com\/ensy\/wp-content\/uploads\/2026\/08\/WhatsApp-Image-2026-08-28-at-5.37.03-PM-1-1024x507.jpeg\" alt=\"\" class=\"wp-image-2609\" srcset=\"https:\/\/demos.imagixel.com\/ensy\/wp-content\/uploads\/2026\/08\/WhatsApp-Image-2026-08-28-at-5.37.03-PM-1-1024x507.jpeg 1024w, https:\/\/demos.imagixel.com\/ensy\/wp-content\/uploads\/2026\/08\/WhatsApp-Image-2026-08-28-at-5.37.03-PM-1-300x149.jpeg 300w, https:\/\/demos.imagixel.com\/ensy\/wp-content\/uploads\/2026\/08\/WhatsApp-Image-2026-08-28-at-5.37.03-PM-1-767x380.jpeg 767w, https:\/\/demos.imagixel.com\/ensy\/wp-content\/uploads\/2026\/08\/WhatsApp-Image-2026-08-28-at-5.37.03-PM-1-600x297.jpeg 600w, https:\/\/demos.imagixel.com\/ensy\/wp-content\/uploads\/2026\/08\/WhatsApp-Image-2026-08-28-at-5.37.03-PM-1.jpeg 1030w\" sizes=\"(max-width: 1024px) 100vw, 1024px\" \/><\/figure>\n\n\n\n<figure class=\"wp-block-image size-large\"><img decoding=\"async\" width=\"1024\" height=\"575\" src=\"https:\/\/demos.imagixel.com\/ensy\/wp-content\/uploads\/2026\/08\/WhatsApp-Image-2026-08-28-at-5.37.04-PM-1024x575.jpeg\" alt=\"\" class=\"wp-image-2608\" srcset=\"https:\/\/demos.imagixel.com\/ensy\/wp-content\/uploads\/2026\/08\/WhatsApp-Image-2026-08-28-at-5.37.04-PM-1024x575.jpeg 1024w, https:\/\/demos.imagixel.com\/ensy\/wp-content\/uploads\/2026\/08\/WhatsApp-Image-2026-08-28-at-5.37.04-PM-300x169.jpeg 300w, https:\/\/demos.imagixel.com\/ensy\/wp-content\/uploads\/2026\/08\/WhatsApp-Image-2026-08-28-at-5.37.04-PM-768x432.jpeg 768w, https:\/\/demos.imagixel.com\/ensy\/wp-content\/uploads\/2026\/08\/WhatsApp-Image-2026-08-28-at-5.37.04-PM-1536x863.jpeg 1536w, https:\/\/demos.imagixel.com\/ensy\/wp-content\/uploads\/2026\/08\/WhatsApp-Image-2026-08-28-at-5.37.04-PM-600x337.jpeg 600w, https:\/\/demos.imagixel.com\/ensy\/wp-content\/uploads\/2026\/08\/WhatsApp-Image-2026-08-28-at-5.37.04-PM.jpeg 1600w\" sizes=\"(max-width: 1024px) 100vw, 1024px\" \/><\/figure>\n","protected":false},"excerpt":{"rendered":"<p>El d\u00eda de ayer se llev\u00f3 a cabo la primera reuni\u00f3n de forma virtual con el Consejo Estudiantil de la Escuela Normal Superior de Yucat\u00e1n \u00abProfesor Antonio Betancourt P\u00e9rez\u00bb y [&hellip;]<\/p>\n","protected":false},"author":2,"featured_media":2476,"comment_status":"open","ping_status":"open","sticky":false,"template":"","format":"standard","meta":{"footnotes":""},"categories":[62,1,30],"tags":[],"class_list":["post-2605","post","type-post","status-publish","format-standard","has-post-thumbnail","hentry","category-consejo-estudiantil","category-general","category-noticias"],"_links":{"self":[{"href":"https:\/\/demos.imagixel.com\/ensy\/wp-json\/wp\/v2\/posts\/2605","targetHints":{"allow":["GET"]}}],"collection":[{"href":"https:\/\/demos.imagixel.com\/ensy\/wp-json\/wp\/v2\/posts"}],"about":[{"href":"https:\/\/demos.imagixel.com\/ensy\/wp-json\/wp\/v2\/types\/post"}],"author":[{"embeddable":true,"href":"https:\/\/demos.imagixel.com\/ensy\/wp-json\/wp\/v2\/users\/2"}],"replies":[{"embeddable":true,"href":"https:\/\/demos.imagixel.com\/ensy\/wp-json\/wp\/v2\/comments?post=2605"}],"version-history":[{"count":3,"href":"https:\/\/demos.imagixel.com\/ensy\/wp-json\/wp\/v2\/posts\/2605\/revisions"}],"predecessor-version":[{"id":2635,"href":"https:\/\/demos.imagixel.com\/ensy\/wp-json\/wp\/v2\/posts\/2605\/revisions\/2635"}],"wp:featuredmedia":[{"embeddable":true,"href":"https:\/\/demos.imagixel.com\/ensy\/wp-json\/wp\/v2\/media\/2476"}],"wp:attachment":[{"href":"https:\/\/demos.imagixel.com\/ensy\/wp-json\/wp\/v2\/media?parent=2605"}],"wp:term":[{"taxonomy":"category","embeddable":true,"href":"https:\/\/demos.imagixel.com\/ensy\/wp-json\/wp\/v2\/categories?post=2605"},{"taxonomy":"post_tag","embeddable":true,"href":"https:\/\/demos.imagixel.com\/ensy\/wp-json\/wp\/v2\/tags?post=2605"}],"curies":[{"name":"wp","href":"https:\/\/api.w.org\/{rel}","templated":true}]}}