{"id":2643,"date":"2026-09-01T10:12:48","date_gmt":"2026-09-01T16:12:48","guid":{"rendered":"https:\/\/demos.imagixel.com\/ensy\/?p=2643"},"modified":"2026-09-01T10:12:48","modified_gmt":"2026-09-01T16:12:48","slug":"noticias-103","status":"publish","type":"post","link":"https:\/\/demos.imagixel.com\/ensy\/2026\/09\/01\/noticias-103\/","title":{"rendered":"NOTICIAS"},"content":{"rendered":"\n<p class=\"wp-block-paragraph\">El Dr. Fredy Espadas Sosa, director de la Escuela Normal Superior de Yucat\u00e1n \u201cProfesor Antonio Betancourt P\u00e9rez\u201d, particip\u00f3 en la mesa panel \u201cSocialismo y Carrillismo para el presente\u201d en la Universidad Tecnol\u00f3gica del Centro (UTC), por invitaci\u00f3n del Director Dr. Jorge Laris Pardo.<\/p>\n\n\n\n<p class=\"wp-block-paragraph\">La instituci\u00f3n est\u00e1 ubicada ubicada en la ciudad de Izamal y se encuentra celebrando su XV aniversario.<\/p>\n\n\n\n<p class=\"wp-block-paragraph\">El Dr. Espadas Sosa comparti\u00f3 mesa con el Dr. Carlos Boj\u00f3rquez Urz\u00e1iz, acad\u00e9mico de la Universidad Jos\u00e9 Mart\u00ed de Latinoam\u00e9rica, y el Dr. Marco D\u00edaz G\u00fcemez, docente de la UNAY, quienes tienen amplias trayectorias escribiendo sobre los diferentes aspectos hist\u00f3ricos de la actuaci\u00f3n pol\u00edtica de Felipe Carrillo Puerto, oriundo de Motul, Yucat\u00e1n.<\/p>\n\n\n\n<p class=\"wp-block-paragraph\">Esta actividad se llev\u00f3 a cabo en la conmemoraci\u00f3n del 105 Aniversario del Segundo Congreso Obrero de Izamal 1921-2026. Estuvieron presentes personal administrativo, docentes, alumnos e invitados especiales, dando realce con su asistencia a las actividades programadas por este acontecimiento hist\u00f3rico. Fungi\u00f3 como moderador el Mtro. \u00c9zer R. May May, Coordinador de Planeaci\u00f3n de la UTC.<\/p>\n\n\n\n<p class=\"wp-block-paragraph\">Este evento tuvo gran relevancia y se llev\u00f3 a cabo una sinergia entre el Archivo General del Estado de Yucat\u00e1n, a cargo de la Lic. Reyna D\u00edaz, proporcionando material valioso de la \u00e9poca, y SEDECULTA, con la presencia del Mtro. \u00c1ngel Guti\u00e9rrez. Esta colaboraci\u00f3n permiti\u00f3 instalar una exposici\u00f3n de fotograf\u00edas y documentos hist\u00f3ricos sobre el Carrillismo y los actores involucrados en los movimientos obreros y campesinos de aquella \u00e9poca.<\/p>\n\n\n\n<p class=\"wp-block-paragraph\">Se cont\u00f3 con la presencia de representantes de la SECIHTI, el Ayuntamiento de Izamal y CEDE de SEGEY, quienes dieron realce a las actividades que se realizaron con motivo de esta celebraci\u00f3n.<\/p>\n\n\n\n<figure class=\"wp-block-image size-large\"><img fetchpriority=\"high\" decoding=\"async\" width=\"1024\" height=\"768\" src=\"https:\/\/demos.imagixel.com\/ensy\/wp-content\/uploads\/2026\/09\/WhatsApp-Image-2026-08-31-at-5.35.39-PM-1-1024x768.jpeg\" alt=\"\" class=\"wp-image-2659\" srcset=\"https:\/\/demos.imagixel.com\/ensy\/wp-content\/uploads\/2026\/09\/WhatsApp-Image-2026-08-31-at-5.35.39-PM-1-1024x768.jpeg 1024w, https:\/\/demos.imagixel.com\/ensy\/wp-content\/uploads\/2026\/09\/WhatsApp-Image-2026-08-31-at-5.35.39-PM-1-300x225.jpeg 300w, https:\/\/demos.imagixel.com\/ensy\/wp-content\/uploads\/2026\/09\/WhatsApp-Image-2026-08-31-at-5.35.39-PM-1-768x576.jpeg 768w, https:\/\/demos.imagixel.com\/ensy\/wp-content\/uploads\/2026\/09\/WhatsApp-Image-2026-08-31-at-5.35.39-PM-1-1536x1152.jpeg 1536w, https:\/\/demos.imagixel.com\/ensy\/wp-content\/uploads\/2026\/09\/WhatsApp-Image-2026-08-31-at-5.35.39-PM-1-600x450.jpeg 600w, https:\/\/demos.imagixel.com\/ensy\/wp-content\/uploads\/2026\/09\/WhatsApp-Image-2026-08-31-at-5.35.39-PM-1.jpeg 1600w\" sizes=\"(max-width: 1024px) 100vw, 1024px\" \/><\/figure>\n\n\n\n<figure class=\"wp-block-image size-large\"><img decoding=\"async\" width=\"768\" height=\"1024\" src=\"https:\/\/demos.imagixel.com\/ensy\/wp-content\/uploads\/2026\/09\/WhatsApp-Image-2026-08-31-at-5.35.17-PM-2-768x1024.jpeg\" alt=\"\" class=\"wp-image-2655\" srcset=\"https:\/\/demos.imagixel.com\/ensy\/wp-content\/uploads\/2026\/09\/WhatsApp-Image-2026-08-31-at-5.35.17-PM-2-768x1024.jpeg 768w, https:\/\/demos.imagixel.com\/ensy\/wp-content\/uploads\/2026\/09\/WhatsApp-Image-2026-08-31-at-5.35.17-PM-2-225x300.jpeg 225w, https:\/\/demos.imagixel.com\/ensy\/wp-content\/uploads\/2026\/09\/WhatsApp-Image-2026-08-31-at-5.35.17-PM-2-1152x1536.jpeg 1152w, https:\/\/demos.imagixel.com\/ensy\/wp-content\/uploads\/2026\/09\/WhatsApp-Image-2026-08-31-at-5.35.17-PM-2-600x800.jpeg 600w, https:\/\/demos.imagixel.com\/ensy\/wp-content\/uploads\/2026\/09\/WhatsApp-Image-2026-08-31-at-5.35.17-PM-2.jpeg 1200w\" sizes=\"(max-width: 768px) 100vw, 768px\" \/><\/figure>\n\n\n\n<figure class=\"wp-block-image size-large\"><img decoding=\"async\" width=\"1024\" height=\"768\" src=\"https:\/\/demos.imagixel.com\/ensy\/wp-content\/uploads\/2026\/09\/WhatsApp-Image-2026-08-31-at-5.35.13-PM-1024x768.jpeg\" alt=\"\" class=\"wp-image-2651\" srcset=\"https:\/\/demos.imagixel.com\/ensy\/wp-content\/uploads\/2026\/09\/WhatsApp-Image-2026-08-31-at-5.35.13-PM-1024x768.jpeg 1024w, https:\/\/demos.imagixel.com\/ensy\/wp-content\/uploads\/2026\/09\/WhatsApp-Image-2026-08-31-at-5.35.13-PM-300x225.jpeg 300w, https:\/\/demos.imagixel.com\/ensy\/wp-content\/uploads\/2026\/09\/WhatsApp-Image-2026-08-31-at-5.35.13-PM-768x576.jpeg 768w, https:\/\/demos.imagixel.com\/ensy\/wp-content\/uploads\/2026\/09\/WhatsApp-Image-2026-08-31-at-5.35.13-PM-1536x1152.jpeg 1536w, https:\/\/demos.imagixel.com\/ensy\/wp-content\/uploads\/2026\/09\/WhatsApp-Image-2026-08-31-at-5.35.13-PM-600x450.jpeg 600w, https:\/\/demos.imagixel.com\/ensy\/wp-content\/uploads\/2026\/09\/WhatsApp-Image-2026-08-31-at-5.35.13-PM.jpeg 1600w\" sizes=\"(max-width: 1024px) 100vw, 1024px\" \/><\/figure>\n\n\n\n<figure class=\"wp-block-image size-large\"><img loading=\"lazy\" decoding=\"async\" width=\"768\" height=\"1024\" src=\"https:\/\/demos.imagixel.com\/ensy\/wp-content\/uploads\/2026\/09\/WhatsApp-Image-2026-08-31-at-5.35.12-PM-768x1024.jpeg\" alt=\"\" class=\"wp-image-2646\" srcset=\"https:\/\/demos.imagixel.com\/ensy\/wp-content\/uploads\/2026\/09\/WhatsApp-Image-2026-08-31-at-5.35.12-PM-768x1024.jpeg 768w, https:\/\/demos.imagixel.com\/ensy\/wp-content\/uploads\/2026\/09\/WhatsApp-Image-2026-08-31-at-5.35.12-PM-225x300.jpeg 225w, https:\/\/demos.imagixel.com\/ensy\/wp-content\/uploads\/2026\/09\/WhatsApp-Image-2026-08-31-at-5.35.12-PM-1152x1536.jpeg 1152w, https:\/\/demos.imagixel.com\/ensy\/wp-content\/uploads\/2026\/09\/WhatsApp-Image-2026-08-31-at-5.35.12-PM-600x800.jpeg 600w, https:\/\/demos.imagixel.com\/ensy\/wp-content\/uploads\/2026\/09\/WhatsApp-Image-2026-08-31-at-5.35.12-PM.jpeg 1200w\" sizes=\"(max-width: 768px) 100vw, 768px\" \/><\/figure>\n\n\n\n<figure class=\"wp-block-image size-large\"><img loading=\"lazy\" decoding=\"async\" width=\"768\" height=\"1024\" src=\"https:\/\/demos.imagixel.com\/ensy\/wp-content\/uploads\/2026\/09\/WhatsApp-Image-2026-08-31-at-5.35.13-PM-3-768x1024.jpeg\" alt=\"\" class=\"wp-image-2649\" srcset=\"https:\/\/demos.imagixel.com\/ensy\/wp-content\/uploads\/2026\/09\/WhatsApp-Image-2026-08-31-at-5.35.13-PM-3-768x1024.jpeg 768w, https:\/\/demos.imagixel.com\/ensy\/wp-content\/uploads\/2026\/09\/WhatsApp-Image-2026-08-31-at-5.35.13-PM-3-225x300.jpeg 225w, https:\/\/demos.imagixel.com\/ensy\/wp-content\/uploads\/2026\/09\/WhatsApp-Image-2026-08-31-at-5.35.13-PM-3-1152x1536.jpeg 1152w, https:\/\/demos.imagixel.com\/ensy\/wp-content\/uploads\/2026\/09\/WhatsApp-Image-2026-08-31-at-5.35.13-PM-3-600x800.jpeg 600w, https:\/\/demos.imagixel.com\/ensy\/wp-content\/uploads\/2026\/09\/WhatsApp-Image-2026-08-31-at-5.35.13-PM-3.jpeg 1200w\" sizes=\"(max-width: 768px) 100vw, 768px\" \/><\/figure>\n\n\n\n<figure class=\"wp-block-image size-large\"><img loading=\"lazy\" decoding=\"async\" width=\"1024\" height=\"768\" src=\"https:\/\/demos.imagixel.com\/ensy\/wp-content\/uploads\/2026\/09\/WhatsApp-Image-2026-08-31-at-5.35.14-PM-1024x768.jpeg\" alt=\"\" class=\"wp-image-2652\" srcset=\"https:\/\/demos.imagixel.com\/ensy\/wp-content\/uploads\/2026\/09\/WhatsApp-Image-2026-08-31-at-5.35.14-PM-1024x768.jpeg 1024w, https:\/\/demos.imagixel.com\/ensy\/wp-content\/uploads\/2026\/09\/WhatsApp-Image-2026-08-31-at-5.35.14-PM-300x225.jpeg 300w, https:\/\/demos.imagixel.com\/ensy\/wp-content\/uploads\/2026\/09\/WhatsApp-Image-2026-08-31-at-5.35.14-PM-768x576.jpeg 768w, https:\/\/demos.imagixel.com\/ensy\/wp-content\/uploads\/2026\/09\/WhatsApp-Image-2026-08-31-at-5.35.14-PM-1536x1152.jpeg 1536w, https:\/\/demos.imagixel.com\/ensy\/wp-content\/uploads\/2026\/09\/WhatsApp-Image-2026-08-31-at-5.35.14-PM-600x450.jpeg 600w, https:\/\/demos.imagixel.com\/ensy\/wp-content\/uploads\/2026\/09\/WhatsApp-Image-2026-08-31-at-5.35.14-PM.jpeg 1600w\" sizes=\"(max-width: 1024px) 100vw, 1024px\" \/><\/figure>\n","protected":false},"excerpt":{"rendered":"<p>El Dr. Fredy Espadas Sosa, director de la Escuela Normal Superior de Yucat\u00e1n \u201cProfesor Antonio Betancourt P\u00e9rez\u201d, particip\u00f3 en la mesa panel \u201cSocialismo y Carrillismo para el presente\u201d en la [&hellip;]<\/p>\n","protected":false},"author":2,"featured_media":2654,"comment_status":"open","ping_status":"open","sticky":false,"template":"","format":"standard","meta":{"footnotes":""},"categories":[1,30],"tags":[],"class_list":["post-2643","post","type-post","status-publish","format-standard","has-post-thumbnail","hentry","category-general","category-noticias"],"_links":{"self":[{"href":"https:\/\/demos.imagixel.com\/ensy\/wp-json\/wp\/v2\/posts\/2643","targetHints":{"allow":["GET"]}}],"collection":[{"href":"https:\/\/demos.imagixel.com\/ensy\/wp-json\/wp\/v2\/posts"}],"about":[{"href":"https:\/\/demos.imagixel.com\/ensy\/wp-json\/wp\/v2\/types\/post"}],"author":[{"embeddable":true,"href":"https:\/\/demos.imagixel.com\/ensy\/wp-json\/wp\/v2\/users\/2"}],"replies":[{"embeddable":true,"href":"https:\/\/demos.imagixel.com\/ensy\/wp-json\/wp\/v2\/comments?post=2643"}],"version-history":[{"count":1,"href":"https:\/\/demos.imagixel.com\/ensy\/wp-json\/wp\/v2\/posts\/2643\/revisions"}],"predecessor-version":[{"id":2661,"href":"https:\/\/demos.imagixel.com\/ensy\/wp-json\/wp\/v2\/posts\/2643\/revisions\/2661"}],"wp:featuredmedia":[{"embeddable":true,"href":"https:\/\/demos.imagixel.com\/ensy\/wp-json\/wp\/v2\/media\/2654"}],"wp:attachment":[{"href":"https:\/\/demos.imagixel.com\/ensy\/wp-json\/wp\/v2\/media?parent=2643"}],"wp:term":[{"taxonomy":"category","embeddable":true,"href":"https:\/\/demos.imagixel.com\/ensy\/wp-json\/wp\/v2\/categories?post=2643"},{"taxonomy":"post_tag","embeddable":true,"href":"https:\/\/demos.imagixel.com\/ensy\/wp-json\/wp\/v2\/tags?post=2643"}],"curies":[{"name":"wp","href":"https:\/\/api.w.org\/{rel}","templated":true}]}}