{"id":2662,"date":"2026-09-01T21:44:54","date_gmt":"2026-09-02T03:44:54","guid":{"rendered":"https:\/\/demos.imagixel.com\/ensy\/?p=2662"},"modified":"2026-09-02T04:44:35","modified_gmt":"2026-09-02T10:44:35","slug":"noticias-104","status":"publish","type":"post","link":"https:\/\/demos.imagixel.com\/ensy\/2026\/09\/01\/noticias-104\/","title":{"rendered":"NOTICIAS"},"content":{"rendered":"\n<p class=\"wp-block-paragraph\">El cuerpo directivo de la Escuela Normal Superior de Yucat\u00e1n \u201cProfesor Antonio Betancourt P\u00e9rez\u201d, integrado por el Director Dr. Freddy J. Espadas Sosa, el Subdirector Acad\u00e9mico Mtro. Manuel J. Negrete Quijano y el Subdirector Administrativo Dr. Gregorio J. Osorio Rosado, junto con Coordinadores, docentes y personal administrativo, se hicieron presentes en el Auditorio de la Escuela para dar la bienvenida al ciclo escolar 2026-2027 a los alumnos y alumnas de nuevo ingreso.<\/p>\n\n\n\n<p class=\"wp-block-paragraph\">El evento estuvo organizado por el Consejo Estudiantil 2026-2027, conformado por representantes de ocho de las diez licenciaturas que se impartes en la ENSY: \u00c1ngel Josu\u00e9 Ercila Sabido (consejero de Espa\u00f1ol), Kevin Anthony Kuk Dzul (consejero de Qu\u00edmica), Oscar Eduardo Xool Moguel (consejero de Matem\u00e1ticas), Farid de Jes\u00fas Kumul Cauich (consejero de Educaci\u00f3n F\u00edsica), Maryjose Cuesy Borgues (consejera de Ingl\u00e9s), Isis Cristina Castillo Yeh (consejera de Educaci\u00f3n Art\u00edstica), Valeria Esquivel Rodr\u00edguez (consejera de Geograf\u00eda) y Tais Shirel Ortega M\u00e9ndez (consejera de Inclusi\u00f3n Educativa).<\/p>\n\n\n\n<p class=\"wp-block-paragraph\">Al hacer uso de la palabra, el Director Dr. Freddy Espadas Sosa les habl\u00f3 de la bella experiencia que significa ser docente, as\u00ed como la gratificaci\u00f3n y los parabienes que se reciben por parte de los alumnos, padres de familia y compa\u00f1eros de escuela en la pr\u00e1ctica como maestros formadores.<\/p>\n\n\n\n<p class=\"wp-block-paragraph\">El Director se refiri\u00f3 a su formaci\u00f3n acad\u00e9mica y a su experiencia a lo largo de su trayectoria en diversos momentos de su vida profesional, as\u00ed como de la parte humanista que no se debe perder cuando los cimientos est\u00e1n firmes.<\/p>\n\n\n\n<p class=\"wp-block-paragraph\">En una reuni\u00f3n donde prevaleci\u00f3 la camarader\u00eda, los consejeros estudiantiles brindaron a los nuevos y nuevas estudiantes las indicaciones, orientaciones y algunas experiencias que han adquirido en su proceso formativo como docentes, las cuales fueron bien recibidas por quienes desde ahora ya forman parte del gremio estudiantil de la ENSY. Tambi\u00e9n destacaron la importancia que reviste representar con orgullo a la instituci\u00f3n de la que forman parte cuando se encuentren fuera de las instalaciones de la escuela.<\/p>\n\n\n\n<p class=\"wp-block-paragraph\">Aprendiendo hoy para ense\u00f1ar ma\u00f1ana. ENSY.<\/p>\n\n\n\n<p class=\"wp-block-paragraph\">#SomosEnsy<\/p>\n\n\n\n<p class=\"wp-block-paragraph\">#SomosLinces<\/p>\n\n\n\n<figure class=\"wp-block-image size-large\"><img fetchpriority=\"high\" decoding=\"async\" width=\"1024\" height=\"576\" src=\"https:\/\/demos.imagixel.com\/ensy\/wp-content\/uploads\/2026\/09\/WhatsApp-Image-2026-09-01-at-9.13.10-PM-2-1024x576.jpeg\" alt=\"\" class=\"wp-image-2664\" srcset=\"https:\/\/demos.imagixel.com\/ensy\/wp-content\/uploads\/2026\/09\/WhatsApp-Image-2026-09-01-at-9.13.10-PM-2-1024x576.jpeg 1024w, https:\/\/demos.imagixel.com\/ensy\/wp-content\/uploads\/2026\/09\/WhatsApp-Image-2026-09-01-at-9.13.10-PM-2-300x169.jpeg 300w, https:\/\/demos.imagixel.com\/ensy\/wp-content\/uploads\/2026\/09\/WhatsApp-Image-2026-09-01-at-9.13.10-PM-2-768x432.jpeg 768w, https:\/\/demos.imagixel.com\/ensy\/wp-content\/uploads\/2026\/09\/WhatsApp-Image-2026-09-01-at-9.13.10-PM-2-1536x864.jpeg 1536w, https:\/\/demos.imagixel.com\/ensy\/wp-content\/uploads\/2026\/09\/WhatsApp-Image-2026-09-01-at-9.13.10-PM-2-600x337.jpeg 600w, https:\/\/demos.imagixel.com\/ensy\/wp-content\/uploads\/2026\/09\/WhatsApp-Image-2026-09-01-at-9.13.10-PM-2.jpeg 1599w\" sizes=\"(max-width: 1024px) 100vw, 1024px\" \/><\/figure>\n\n\n\n<figure class=\"wp-block-image size-large\"><img decoding=\"async\" width=\"1024\" height=\"576\" src=\"https:\/\/demos.imagixel.com\/ensy\/wp-content\/uploads\/2026\/09\/WhatsApp-Image-2026-09-01-at-9.13.10-PM-1-1024x576.jpeg\" alt=\"\" class=\"wp-image-2663\" srcset=\"https:\/\/demos.imagixel.com\/ensy\/wp-content\/uploads\/2026\/09\/WhatsApp-Image-2026-09-01-at-9.13.10-PM-1-1024x576.jpeg 1024w, https:\/\/demos.imagixel.com\/ensy\/wp-content\/uploads\/2026\/09\/WhatsApp-Image-2026-09-01-at-9.13.10-PM-1-300x169.jpeg 300w, https:\/\/demos.imagixel.com\/ensy\/wp-content\/uploads\/2026\/09\/WhatsApp-Image-2026-09-01-at-9.13.10-PM-1-768x432.jpeg 768w, https:\/\/demos.imagixel.com\/ensy\/wp-content\/uploads\/2026\/09\/WhatsApp-Image-2026-09-01-at-9.13.10-PM-1-1536x864.jpeg 1536w, https:\/\/demos.imagixel.com\/ensy\/wp-content\/uploads\/2026\/09\/WhatsApp-Image-2026-09-01-at-9.13.10-PM-1-600x337.jpeg 600w, https:\/\/demos.imagixel.com\/ensy\/wp-content\/uploads\/2026\/09\/WhatsApp-Image-2026-09-01-at-9.13.10-PM-1.jpeg 1599w\" sizes=\"(max-width: 1024px) 100vw, 1024px\" \/><\/figure>\n\n\n\n<figure class=\"wp-block-image size-large\"><img decoding=\"async\" width=\"1024\" height=\"768\" src=\"https:\/\/demos.imagixel.com\/ensy\/wp-content\/uploads\/2026\/09\/WhatsApp-Image-2026-09-01-at-9.40.22-PM-1024x768.jpeg\" alt=\"\" class=\"wp-image-2670\" srcset=\"https:\/\/demos.imagixel.com\/ensy\/wp-content\/uploads\/2026\/09\/WhatsApp-Image-2026-09-01-at-9.40.22-PM-1024x768.jpeg 1024w, https:\/\/demos.imagixel.com\/ensy\/wp-content\/uploads\/2026\/09\/WhatsApp-Image-2026-09-01-at-9.40.22-PM-300x225.jpeg 300w, https:\/\/demos.imagixel.com\/ensy\/wp-content\/uploads\/2026\/09\/WhatsApp-Image-2026-09-01-at-9.40.22-PM-768x576.jpeg 768w, https:\/\/demos.imagixel.com\/ensy\/wp-content\/uploads\/2026\/09\/WhatsApp-Image-2026-09-01-at-9.40.22-PM-1536x1152.jpeg 1536w, https:\/\/demos.imagixel.com\/ensy\/wp-content\/uploads\/2026\/09\/WhatsApp-Image-2026-09-01-at-9.40.22-PM-600x450.jpeg 600w, https:\/\/demos.imagixel.com\/ensy\/wp-content\/uploads\/2026\/09\/WhatsApp-Image-2026-09-01-at-9.40.22-PM.jpeg 1600w\" sizes=\"(max-width: 1024px) 100vw, 1024px\" \/><\/figure>\n\n\n\n<figure class=\"wp-block-video\"><video height=\"478\" style=\"aspect-ratio: 848 \/ 478;\" width=\"848\" controls src=\"https:\/\/demos.imagixel.com\/ensy\/wp-content\/uploads\/2026\/09\/WhatsApp-Video-2026-09-01-at-9.13.10-PM-1.mp4\"><\/video><\/figure>\n\n\n\n<figure class=\"wp-block-video\"><video height=\"478\" style=\"aspect-ratio: 848 \/ 478;\" width=\"848\" controls src=\"https:\/\/demos.imagixel.com\/ensy\/wp-content\/uploads\/2026\/09\/WhatsApp-Video-2026-09-01-at-9.13.08-PM-1.mp4\"><\/video><\/figure>\n","protected":false},"excerpt":{"rendered":"<p>El cuerpo directivo de la Escuela Normal Superior de Yucat\u00e1n \u201cProfesor Antonio Betancourt P\u00e9rez\u201d, integrado por el Director Dr. Freddy J. Espadas Sosa, el Subdirector Acad\u00e9mico Mtro. Manuel J. Negrete [&hellip;]<\/p>\n","protected":false},"author":2,"featured_media":2665,"comment_status":"open","ping_status":"open","sticky":false,"template":"","format":"standard","meta":{"footnotes":""},"categories":[62,1,40,30],"tags":[],"class_list":["post-2662","post","type-post","status-publish","format-standard","has-post-thumbnail","hentry","category-consejo-estudiantil","category-general","category-licenciaturas","category-noticias"],"_links":{"self":[{"href":"https:\/\/demos.imagixel.com\/ensy\/wp-json\/wp\/v2\/posts\/2662","targetHints":{"allow":["GET"]}}],"collection":[{"href":"https:\/\/demos.imagixel.com\/ensy\/wp-json\/wp\/v2\/posts"}],"about":[{"href":"https:\/\/demos.imagixel.com\/ensy\/wp-json\/wp\/v2\/types\/post"}],"author":[{"embeddable":true,"href":"https:\/\/demos.imagixel.com\/ensy\/wp-json\/wp\/v2\/users\/2"}],"replies":[{"embeddable":true,"href":"https:\/\/demos.imagixel.com\/ensy\/wp-json\/wp\/v2\/comments?post=2662"}],"version-history":[{"count":2,"href":"https:\/\/demos.imagixel.com\/ensy\/wp-json\/wp\/v2\/posts\/2662\/revisions"}],"predecessor-version":[{"id":2693,"href":"https:\/\/demos.imagixel.com\/ensy\/wp-json\/wp\/v2\/posts\/2662\/revisions\/2693"}],"wp:featuredmedia":[{"embeddable":true,"href":"https:\/\/demos.imagixel.com\/ensy\/wp-json\/wp\/v2\/media\/2665"}],"wp:attachment":[{"href":"https:\/\/demos.imagixel.com\/ensy\/wp-json\/wp\/v2\/media?parent=2662"}],"wp:term":[{"taxonomy":"category","embeddable":true,"href":"https:\/\/demos.imagixel.com\/ensy\/wp-json\/wp\/v2\/categories?post=2662"},{"taxonomy":"post_tag","embeddable":true,"href":"https:\/\/demos.imagixel.com\/ensy\/wp-json\/wp\/v2\/tags?post=2662"}],"curies":[{"name":"wp","href":"https:\/\/api.w.org\/{rel}","templated":true}]}}