{"id":2742,"date":"2026-09-03T11:11:32","date_gmt":"2026-09-03T17:11:32","guid":{"rendered":"https:\/\/demos.imagixel.com\/ensy\/?p=2742"},"modified":"2026-09-03T11:11:32","modified_gmt":"2026-09-03T17:11:32","slug":"noticias-105","status":"publish","type":"post","link":"https:\/\/demos.imagixel.com\/ensy\/2026\/09\/03\/noticias-105\/","title":{"rendered":"NOTICIAS"},"content":{"rendered":"\n<p class=\"wp-block-paragraph\">Como parte del Curso Intersemestral Agosto 2026, la Escuela Normal Superior de Yucat\u00e1n \u201cProfesor Antonio Betancourt P\u00e9rez\u201d, a trav\u00e9s de la Divisi\u00f3n de Grados Acad\u00e9micos, llev\u00f3 a cabo, el pasado 29 de agosto, el taller \u201cDe la Teor\u00eda a la App: Creaci\u00f3n de Herramientas Digitales e IA para Profesores de Posgrado ENSY\u201d, impartido por el Dr. Edmundo Alberto V\u00e1zquez Castro y dirigido al cuerpo docente de los programas de Maestr\u00eda de nuestra instituci\u00f3n.<\/p>\n\n\n\n<p class=\"wp-block-paragraph\">Tuvo como prop\u00f3sito fortalecer las competencias digitales de las y los docentes, promoviendo la integraci\u00f3n cr\u00edtica y pr\u00e1ctica de herramientas tecnol\u00f3gicas y de Inteligencia Artificial Generativa en los procesos de ense\u00f1anza de posgrado. Durante el taller, los participantes tuvieron la oportunidad de explorar nuevas posibilidades para el dise\u00f1o de recursos educativos y avanzar en la creaci\u00f3n de aplicaciones web educativas, orientadas a atender necesidades espec\u00edficas de sus asignaturas.<\/p>\n\n\n\n<p class=\"wp-block-paragraph\">En la jornada se cont\u00f3 con la presencia del Dr. Freddy Javier Espadas Sosa, Director de la ENSY, dirigi\u00f3 un mensaje de apertura en el que dese\u00f3 un trabajo fruct\u00edfero y destac\u00f3 la importancia de continuar fortaleciendo permanentemente la profesionalizaci\u00f3n y actualizaci\u00f3n docente, como elementos fundamentales para responder a los retos actuales de la educaci\u00f3n.<\/p>\n\n\n\n<p class=\"wp-block-paragraph\">El Mtro. Carlos Cetina Salazar, Coordinador de la Divisi\u00f3n de Grados Acad\u00e9micos, moder\u00f3 el desarrollo de la actividad y agradeci\u00f3 al Dr. Edmundo Alberto V\u00e1zquez Castro por compartir sus conocimientos y experiencias, as\u00ed como a las y los docentes participantes por su disposici\u00f3n para aprender, innovar y continuar construyendo nuevas alternativas para enriquecer la formaci\u00f3n de nuestros estudiantes de posgrado.<\/p>\n\n\n\n<p class=\"wp-block-paragraph\">En la ENSY seguimos avanzando hacia una docencia innovadora, cr\u00edtica y comprometida con los desaf\u00edos de la educaci\u00f3n actual.<\/p>\n\n\n\n<figure class=\"wp-block-image size-large\"><img fetchpriority=\"high\" decoding=\"async\" width=\"1024\" height=\"531\" src=\"https:\/\/demos.imagixel.com\/ensy\/wp-content\/uploads\/2026\/09\/Imagen6-1024x531.jpg\" alt=\"\" class=\"wp-image-2744\" srcset=\"https:\/\/demos.imagixel.com\/ensy\/wp-content\/uploads\/2026\/09\/Imagen6-1024x531.jpg 1024w, https:\/\/demos.imagixel.com\/ensy\/wp-content\/uploads\/2026\/09\/Imagen6-300x156.jpg 300w, https:\/\/demos.imagixel.com\/ensy\/wp-content\/uploads\/2026\/09\/Imagen6-768x398.jpg 768w, https:\/\/demos.imagixel.com\/ensy\/wp-content\/uploads\/2026\/09\/Imagen6-600x311.jpg 600w, https:\/\/demos.imagixel.com\/ensy\/wp-content\/uploads\/2026\/09\/Imagen6.jpg 1477w\" sizes=\"(max-width: 1024px) 100vw, 1024px\" \/><\/figure>\n\n\n\n<figure class=\"wp-block-image size-large\"><img decoding=\"async\" width=\"1024\" height=\"560\" src=\"https:\/\/demos.imagixel.com\/ensy\/wp-content\/uploads\/2026\/09\/Imagen8-1024x560.jpg\" alt=\"\" class=\"wp-image-2746\" srcset=\"https:\/\/demos.imagixel.com\/ensy\/wp-content\/uploads\/2026\/09\/Imagen8-1024x560.jpg 1024w, https:\/\/demos.imagixel.com\/ensy\/wp-content\/uploads\/2026\/09\/Imagen8-300x164.jpg 300w, https:\/\/demos.imagixel.com\/ensy\/wp-content\/uploads\/2026\/09\/Imagen8-768x420.jpg 768w, https:\/\/demos.imagixel.com\/ensy\/wp-content\/uploads\/2026\/09\/Imagen8-600x328.jpg 600w, https:\/\/demos.imagixel.com\/ensy\/wp-content\/uploads\/2026\/09\/Imagen8.jpg 1436w\" sizes=\"(max-width: 1024px) 100vw, 1024px\" \/><\/figure>\n","protected":false},"excerpt":{"rendered":"<p>Como parte del Curso Intersemestral Agosto 2026, la Escuela Normal Superior de Yucat\u00e1n \u201cProfesor Antonio Betancourt P\u00e9rez\u201d, a trav\u00e9s de la Divisi\u00f3n de Grados Acad\u00e9micos, llev\u00f3 a cabo, el pasado [&hellip;]<\/p>\n","protected":false},"author":2,"featured_media":2743,"comment_status":"open","ping_status":"open","sticky":false,"template":"","format":"standard","meta":{"footnotes":""},"categories":[41,30],"tags":[],"class_list":["post-2742","post","type-post","status-publish","format-standard","has-post-thumbnail","hentry","category-maestrias","category-noticias"],"_links":{"self":[{"href":"https:\/\/demos.imagixel.com\/ensy\/wp-json\/wp\/v2\/posts\/2742","targetHints":{"allow":["GET"]}}],"collection":[{"href":"https:\/\/demos.imagixel.com\/ensy\/wp-json\/wp\/v2\/posts"}],"about":[{"href":"https:\/\/demos.imagixel.com\/ensy\/wp-json\/wp\/v2\/types\/post"}],"author":[{"embeddable":true,"href":"https:\/\/demos.imagixel.com\/ensy\/wp-json\/wp\/v2\/users\/2"}],"replies":[{"embeddable":true,"href":"https:\/\/demos.imagixel.com\/ensy\/wp-json\/wp\/v2\/comments?post=2742"}],"version-history":[{"count":1,"href":"https:\/\/demos.imagixel.com\/ensy\/wp-json\/wp\/v2\/posts\/2742\/revisions"}],"predecessor-version":[{"id":2747,"href":"https:\/\/demos.imagixel.com\/ensy\/wp-json\/wp\/v2\/posts\/2742\/revisions\/2747"}],"wp:featuredmedia":[{"embeddable":true,"href":"https:\/\/demos.imagixel.com\/ensy\/wp-json\/wp\/v2\/media\/2743"}],"wp:attachment":[{"href":"https:\/\/demos.imagixel.com\/ensy\/wp-json\/wp\/v2\/media?parent=2742"}],"wp:term":[{"taxonomy":"category","embeddable":true,"href":"https:\/\/demos.imagixel.com\/ensy\/wp-json\/wp\/v2\/categories?post=2742"},{"taxonomy":"post_tag","embeddable":true,"href":"https:\/\/demos.imagixel.com\/ensy\/wp-json\/wp\/v2\/tags?post=2742"}],"curies":[{"name":"wp","href":"https:\/\/api.w.org\/{rel}","templated":true}]}}