{"id":2748,"date":"2026-09-03T13:06:11","date_gmt":"2026-09-03T19:06:11","guid":{"rendered":"https:\/\/demos.imagixel.com\/ensy\/?p=2748"},"modified":"2026-09-03T17:31:35","modified_gmt":"2026-09-03T23:31:35","slug":"noticias-106","status":"publish","type":"post","link":"https:\/\/demos.imagixel.com\/ensy\/2026\/09\/03\/noticias-106\/","title":{"rendered":"NOTICIAS"},"content":{"rendered":"\n<p class=\"wp-block-paragraph\">Los docentes, Mtra. G\u00e9nesis Jim\u00e9nez Fuentes, Mtra. Patricia Orozco L\u00f3pez y el Mtro. Carlos Zapata Vargas, pertenecientes a la Escuela Normal Superior de Yucat\u00e1n \u00abProfesor Antonio Betancourt P\u00e9rez\u00bb, participan en el Foro Regional Sur Sureste \u00abLa vida frente a la pantalla: El impacto de los dispositivos digitales en las infancias, adolescencias y juventudes mexicanas, desarroll\u00e1ndose en la Universidad Aut\u00f3noma del Estado de Quintana Roo.<\/p>\n\n\n\n<p class=\"wp-block-paragraph\">Este foro tiene como prop\u00f3sito generar un espacio de di\u00e1logo y reflexi\u00f3n en torno al impacto del uso de los dispositivos digitales en las infancias, adolescencias y juventudes mexicanas.<\/p>\n\n\n\n<p class=\"wp-block-paragraph\">Agradecemos su participaci\u00f3n activa en este Foro.<\/p>\n\n\n\n<p class=\"wp-block-paragraph\">Aprendiendo hoy para ense\u00f1ar ma\u00f1ana. ENSY.<\/p>\n\n\n\n<figure class=\"wp-block-image size-large\"><img fetchpriority=\"high\" decoding=\"async\" width=\"1024\" height=\"576\" src=\"https:\/\/demos.imagixel.com\/ensy\/wp-content\/uploads\/2026\/09\/WhatsApp-Image-2026-09-03-at-11.01.56-AM-1024x576.jpeg\" alt=\"\" class=\"wp-image-2750\" srcset=\"https:\/\/demos.imagixel.com\/ensy\/wp-content\/uploads\/2026\/09\/WhatsApp-Image-2026-09-03-at-11.01.56-AM-1024x576.jpeg 1024w, https:\/\/demos.imagixel.com\/ensy\/wp-content\/uploads\/2026\/09\/WhatsApp-Image-2026-09-03-at-11.01.56-AM-300x169.jpeg 300w, https:\/\/demos.imagixel.com\/ensy\/wp-content\/uploads\/2026\/09\/WhatsApp-Image-2026-09-03-at-11.01.56-AM-768x432.jpeg 768w, https:\/\/demos.imagixel.com\/ensy\/wp-content\/uploads\/2026\/09\/WhatsApp-Image-2026-09-03-at-11.01.56-AM-600x338.jpeg 600w, https:\/\/demos.imagixel.com\/ensy\/wp-content\/uploads\/2026\/09\/WhatsApp-Image-2026-09-03-at-11.01.56-AM.jpeg 1280w\" sizes=\"(max-width: 1024px) 100vw, 1024px\" \/><\/figure>\n\n\n\n<figure class=\"wp-block-image size-large\"><img decoding=\"async\" width=\"1024\" height=\"768\" src=\"https:\/\/demos.imagixel.com\/ensy\/wp-content\/uploads\/2026\/09\/3-1024x768.jpeg\" alt=\"\" class=\"wp-image-2751\" srcset=\"https:\/\/demos.imagixel.com\/ensy\/wp-content\/uploads\/2026\/09\/3-1024x768.jpeg 1024w, https:\/\/demos.imagixel.com\/ensy\/wp-content\/uploads\/2026\/09\/3-300x225.jpeg 300w, https:\/\/demos.imagixel.com\/ensy\/wp-content\/uploads\/2026\/09\/3-768x576.jpeg 768w, https:\/\/demos.imagixel.com\/ensy\/wp-content\/uploads\/2026\/09\/3-600x450.jpeg 600w, https:\/\/demos.imagixel.com\/ensy\/wp-content\/uploads\/2026\/09\/3.jpeg 1280w\" sizes=\"(max-width: 1024px) 100vw, 1024px\" \/><\/figure>\n","protected":false},"excerpt":{"rendered":"<p>Los docentes, Mtra. G\u00e9nesis Jim\u00e9nez Fuentes, Mtra. Patricia Orozco L\u00f3pez y el Mtro. Carlos Zapata Vargas, pertenecientes a la Escuela Normal Superior de Yucat\u00e1n \u00abProfesor Antonio Betancourt P\u00e9rez\u00bb, participan en [&hellip;]<\/p>\n","protected":false},"author":2,"featured_media":2749,"comment_status":"open","ping_status":"open","sticky":false,"template":"","format":"standard","meta":{"footnotes":""},"categories":[1,56,29,40,30],"tags":[],"class_list":["post-2748","post","type-post","status-publish","format-standard","has-post-thumbnail","hentry","category-general","category-geografia","category-inclusion-educativa","category-licenciaturas","category-noticias"],"_links":{"self":[{"href":"https:\/\/demos.imagixel.com\/ensy\/wp-json\/wp\/v2\/posts\/2748","targetHints":{"allow":["GET"]}}],"collection":[{"href":"https:\/\/demos.imagixel.com\/ensy\/wp-json\/wp\/v2\/posts"}],"about":[{"href":"https:\/\/demos.imagixel.com\/ensy\/wp-json\/wp\/v2\/types\/post"}],"author":[{"embeddable":true,"href":"https:\/\/demos.imagixel.com\/ensy\/wp-json\/wp\/v2\/users\/2"}],"replies":[{"embeddable":true,"href":"https:\/\/demos.imagixel.com\/ensy\/wp-json\/wp\/v2\/comments?post=2748"}],"version-history":[{"count":3,"href":"https:\/\/demos.imagixel.com\/ensy\/wp-json\/wp\/v2\/posts\/2748\/revisions"}],"predecessor-version":[{"id":2755,"href":"https:\/\/demos.imagixel.com\/ensy\/wp-json\/wp\/v2\/posts\/2748\/revisions\/2755"}],"wp:featuredmedia":[{"embeddable":true,"href":"https:\/\/demos.imagixel.com\/ensy\/wp-json\/wp\/v2\/media\/2749"}],"wp:attachment":[{"href":"https:\/\/demos.imagixel.com\/ensy\/wp-json\/wp\/v2\/media?parent=2748"}],"wp:term":[{"taxonomy":"category","embeddable":true,"href":"https:\/\/demos.imagixel.com\/ensy\/wp-json\/wp\/v2\/categories?post=2748"},{"taxonomy":"post_tag","embeddable":true,"href":"https:\/\/demos.imagixel.com\/ensy\/wp-json\/wp\/v2\/tags?post=2748"}],"curies":[{"name":"wp","href":"https:\/\/api.w.org\/{rel}","templated":true}]}}